{"id":1217,"date":"2025-10-25T15:00:40","date_gmt":"2025-10-25T13:00:40","guid":{"rendered":"https:\/\/boucentransition.fr\/?p=1217"},"modified":"2026-02-12T15:43:02","modified_gmt":"2026-02-12T14:43:02","slug":"festival-alimenterre-le-22-novembre-salle-jean-dormesson-a-bouc-bel-air","status":"publish","type":"post","link":"https:\/\/boucentransition.fr\/index.php\/2025\/10\/25\/festival-alimenterre-le-22-novembre-salle-jean-dormesson-a-bouc-bel-air\/","title":{"rendered":"Festival ALIMENTERRE le 22 Novembre salle Jean d&rsquo;Ormesson \u00e0 Bouc Bel Air"},"content":{"rendered":"\n<figure class=\"wp-block-image size-large\"><img loading=\"lazy\" decoding=\"async\" width=\"724\" height=\"1024\" src=\"https:\/\/boucentransition.fr\/wp-content\/uploads\/2025\/10\/AlimenterreProjectionNov25-724x1024.jpg\" alt=\"\" class=\"wp-image-1220\" srcset=\"https:\/\/boucentransition.fr\/wp-content\/uploads\/2025\/10\/AlimenterreProjectionNov25-724x1024.jpg 724w, https:\/\/boucentransition.fr\/wp-content\/uploads\/2025\/10\/AlimenterreProjectionNov25-212x300.jpg 212w, https:\/\/boucentransition.fr\/wp-content\/uploads\/2025\/10\/AlimenterreProjectionNov25-scaled.jpg 1810w\" sizes=\"auto, (max-width: 724px) 100vw, 724px\" \/><\/figure>\n\n\n\n<p>LE PROGRAMME  : <\/p>\n\n\n\n<figure class=\"wp-block-image size-large\"><img loading=\"lazy\" decoding=\"async\" width=\"1024\" height=\"576\" src=\"https:\/\/boucentransition.fr\/wp-content\/uploads\/2025\/10\/Programme-V10-1024x576.jpg\" alt=\"\" class=\"wp-image-1297\" srcset=\"https:\/\/boucentransition.fr\/wp-content\/uploads\/2025\/10\/Programme-V10-1024x576.jpg 1024w, https:\/\/boucentransition.fr\/wp-content\/uploads\/2025\/10\/Programme-V10-300x169.jpg 300w, https:\/\/boucentransition.fr\/wp-content\/uploads\/2025\/10\/Programme-V10-768x432.jpg 768w, https:\/\/boucentransition.fr\/wp-content\/uploads\/2025\/10\/Programme-V10.jpg 1280w\" sizes=\"auto, (max-width: 1024px) 100vw, 1024px\" \/><\/figure>\n\n\n\n<p><strong>NOS INVITES<\/strong><\/p>\n\n\n\n<p><strong>Peggy Bucas<\/strong>, charg\u00e9e de mission Projets Alimentaires Territoriaux \u00e0 la <a href=\"https:\/\/draaf.paca.agriculture.gouv.fr\/\">DRAAF PACA<\/a><a href=\"https:\/\/france-pat.fr\/presentation-de-l-observatoire\/\">    <\/a><a href=\"https:\/\/france-pat.fr\/presentation-de-l-observatoire\/\">France PAT<\/a><\/p>\n\n\n\n<p><strong>Corinne Mairie<\/strong>, Di\u00e9t\u00e9ticienne, titulaire d&rsquo;un DIU en m\u00e9decine environnementale, membre de <a href=\"https:\/\/cptsprovencesante.fr\/\">CPTS Provence Sant\u00e9 (Communaut\u00e9 Professionnelle Territoriale de Sant\u00e9) et <\/a>de <a href=\"https:\/\/www.asef-asso.fr\/\">l&rsquo;Association Sant\u00e9 Environnement France<\/a><\/p>\n\n\n\n<p><strong>Corinne Le Meut<\/strong>, Adjointe au Maire de Bouc Bel Air, d\u00e9l\u00e9gu\u00e9e aux affaires scolaires, \u00e0 la jeunesse et \u00e0 la petite enfance.<\/p>\n\n\n\n<p><strong>Rahmona<\/strong><strong> <\/strong><strong>Derouiche<\/strong>, enseignante de SVT, formatrice de l\u2019acad\u00e9mie sur l\u2019\u00e9ducation au d\u00e9veloppement durable<\/p>\n\n\n\n<p><strong>Jean-Michel <\/strong><strong>Wertz<\/strong>, Association  <a href=\"https:\/\/terredeliens.org\/\">Terre de <\/a><a href=\"https:\/\/terredeliens.org\/\">Liens<\/a><\/p>\n\n\n\n<p><strong>Jean-Pierre Grosso,<\/strong> agriculteur, Pr\u00e9sident du comit\u00e9 technique de la SAFER des Bouches du Rh\u00f4ne, <a href=\"https:\/\/www.safer-paca.com\/\">SAFER <\/a><a href=\"https:\/\/www.safer-paca.com\/\">PACA<\/a><\/p>\n\n\n\n<p><strong>Thibaud <\/strong><strong>Beysson<\/strong>, agriculteur, fondateur d\u2019Equiterre, fournit l\u2019AMAP de Bouc Bel Air, <a href=\"https:\/\/www.equiterre-ab.com\/\">Equiterre<\/a>, <a href=\"https:\/\/sites.google.com\/view\/amapboucbelair\/accueil\">AM<\/a><a href=\"https:\/\/sites.google.com\/view\/amapboucbelair\/accueil\">A<\/a><a href=\"https:\/\/sites.google.com\/view\/amapboucbelair\/accueil\">P <\/a><a href=\"https:\/\/sites.google.com\/view\/amapboucbelair\/accueil\">de Bouc Bel <\/a><a href=\"https:\/\/sites.google.com\/view\/amapboucbelair\/accueil\">Air<\/a><\/p>\n\n\n\n<p><a href=\"https:\/\/www.alimenterre.org\/on-mange-quoi-des-idees-pour-mieux-se-nourrir-demain\"><em><strong>On mange quoi ?<\/strong><\/em><\/a>&nbsp;Cette question nous nous la posons depuis\u2026 depuis toujours en fait.&nbsp;Se nourrir, nourrir ses enfants, c\u2019est la premi\u00e8re des priorit\u00e9s. Pendant des si\u00e8cles, nos modes d\u2019alimentation n\u2019ont pas beaucoup \u00e9volu\u00e9. Mais ces 50 derni\u00e8res ann\u00e9es, notre fa\u00e7on de manger a \u00e9t\u00e9 totalement boulevers\u00e9e. Nos repas sont devenus plus vari\u00e9s, plus accessibles, plus rapides. Or cette opulence alimentaire a un prix : \u00e0&nbsp;elle seule, l\u2019alimentation repr\u00e9sente un quart de nos \u00e9missions de gaz \u00e0 effet de serre.&nbsp;Il est urgent de repenser nos menus pour changer notre empreinte environnementale.<\/p>\n\n\n\n<p>Le journaliste Thomas Sotto part \u00e0 la rencontre de fran\u00e7ais (simples citoyens, restaurateurs, agriculteurs, sportifs, entreprises) qui proposent des id\u00e9es pour se nourrir en r\u00e9duisant fortement notre impact environnemental sans renoncer au plaisir de manger.<em>Un film de Bertrand Delapierre \/ Lucien TV, Balles Neuves \/ 2025<\/em><\/p>\n\n\n\n<p><strong>Ce programme vous est pr\u00e9sent\u00e9 dans le cadre du festival <a href=\"https:\/\/www.alimenterre.org\/le-festival-alimenterre\">AlimenTERRE<\/a><\/strong><\/p>\n\n\n\n<p><\/p>\n\n\n\n<p><\/p>\n","protected":false},"excerpt":{"rendered":"<p>LE PROGRAMME : NOS INVITES Peggy Bucas, charg\u00e9e de mission Projets Alimentaires Territoriaux \u00e0 la DRAAF PACA France PAT Corinne Mairie, Di\u00e9t\u00e9ticienne, titulaire d&rsquo;un DIU en m\u00e9decine environnementale, membre de CPTS Provence Sant\u00e9 (Communaut\u00e9 Professionnelle Territoriale de Sant\u00e9) et de<\/p>\n","protected":false},"author":27,"featured_media":0,"comment_status":"open","ping_status":"open","sticky":false,"template":"","format":"standard","meta":{"footnotes":""},"categories":[13],"tags":[24,22],"class_list":["post-1217","post","type-post","status-publish","format-standard","hentry","category-agriculture-alimentation","tag-agriculture","tag-alimentation"],"_links":{"self":[{"href":"https:\/\/boucentransition.fr\/index.php\/wp-json\/wp\/v2\/posts\/1217","targetHints":{"allow":["GET"]}}],"collection":[{"href":"https:\/\/boucentransition.fr\/index.php\/wp-json\/wp\/v2\/posts"}],"about":[{"href":"https:\/\/boucentransition.fr\/index.php\/wp-json\/wp\/v2\/types\/post"}],"author":[{"embeddable":true,"href":"https:\/\/boucentransition.fr\/index.php\/wp-json\/wp\/v2\/users\/27"}],"replies":[{"embeddable":true,"href":"https:\/\/boucentransition.fr\/index.php\/wp-json\/wp\/v2\/comments?post=1217"}],"version-history":[{"count":36,"href":"https:\/\/boucentransition.fr\/index.php\/wp-json\/wp\/v2\/posts\/1217\/revisions"}],"predecessor-version":[{"id":1303,"href":"https:\/\/boucentransition.fr\/index.php\/wp-json\/wp\/v2\/posts\/1217\/revisions\/1303"}],"wp:attachment":[{"href":"https:\/\/boucentransition.fr\/index.php\/wp-json\/wp\/v2\/media?parent=1217"}],"wp:term":[{"taxonomy":"category","embeddable":true,"href":"https:\/\/boucentransition.fr\/index.php\/wp-json\/wp\/v2\/categories?post=1217"},{"taxonomy":"post_tag","embeddable":true,"href":"https:\/\/boucentransition.fr\/index.php\/wp-json\/wp\/v2\/tags?post=1217"}],"curies":[{"name":"wp","href":"https:\/\/api.w.org\/{rel}","templated":true}]}}